{"id":13161,"date":"2023-01-03T00:00:00","date_gmt":"2023-01-03T06:00:00","guid":{"rendered":"https:\/\/manitobalg.ca\/soirees-a-la-residence-du-lieutenant-gouverneur\/"},"modified":"2023-01-03T00:00:00","modified_gmt":"2023-01-03T06:00:00","slug":"soirees-a-la-residence-du-lieutenant-gouverneur","status":"publish","type":"post","link":"https:\/\/manitobalg.ca\/fr-ca\/soirees-a-la-residence-du-lieutenant-gouverneur\/","title":{"rendered":"SOIR\u00c9ES \u00c0 LA R\u00c9SIDENCE DU LIEUTENANT-GOUVERNEUR"},"content":{"rendered":"<p>&nbsp;<\/p>\n<p><strong>\u00ab\u00a0SOIR\u00c9ES \u00c0 LA R\u00c9SIDENCE DU LIEUTENANT-GOUVERNEUR\u00a0\u00bb<\/strong><br \/>\n<strong>Soir\u00e9e inaugurale mettant en vedette<\/strong><br \/>\n<strong>DAYNA SPIRING<\/strong><br \/>\n<strong>Pr\u00e9sidente-directrice g\u00e9n\u00e9rale d\u2019Economic Development Winnipeg<\/strong><\/p>\n<p>La lieutenante-gouverneure du Manitoba, M me \u00a0Anita R. Neville, invite les Manitobaines et Manitobains \u2013 en particulier les personnes qui n\u2019ont jamais visit\u00e9 la r\u00e9sidence du lieutenant-gouverneur \u2013 \u00e0 la premi\u00e8re d\u2019une s\u00e9rie de trois activit\u00e9s gratuites qui visent \u00e0 ouvrir les portes de la r\u00e9sidence au grand public et \u00e0 faire conna\u00eetre des personnalit\u00e9s manitobaines de premier plan dont la parole et les r\u00e9ussites sont une source d\u2019inspiration et contribuent \u00e0 am\u00e9liorer continuellement la vie de toute la population du Manitoba.<\/p>\n<p>Pour lancer la s\u00e9rie, la lieutenante-gouverneur aura le plaisir d\u2019accueillir une invit\u00e9e de choix en la personne de Dayna\u00a0Spiring.<\/p>\n<p>Chef de file communautaire \u00e0 la fois enthousiaste et visionnaire, Dayna Spiring \u00e9voquera son parcours et ses exp\u00e9riences ainsi que quelques-unes des possibilit\u00e9s qui s\u2019offrent \u00e0 d\u2019autres femmes de faire bouger les choses dans leur milieu. Sa passion pour Winnipeg et sa population est communicative. Elle saisit chaque occasion de nous inciter \u00e0 profiter de tout ce que la capitale a \u00e0 nous offrir. Attendez-vous \u00e0 une conversation passionnante!<\/p>\n<p>La rencontre aura lieu le mercredi 11 janvier 2023 \u00e0 la r\u00e9sidence du lieutenant-gouverneur. Les portes seront ouvertes d\u00e8s 18\u00a0h\u00a030 et le programme commencera \u00e0 19\u00a0h.<\/p>\n<p>Des rafra\u00eechissements seront servis par la suite.<\/p>\n<p>Les personnes qui souhaitent participer doivent s\u2019inscrire \u00e0 l\u2019avance aupr\u00e8s du Bureau du lieutenant- gouverneur en composant le 204\u00a0945-2753. On ne peut r\u00e9server que deux places par inscription.<\/p>\n<p>Remarque\u00a0: les sacs de grande taille et les sacs \u00e0 dos seront interdits.<\/p>\n<p>L\u2019inscription est maintenant ferm\u00e9e. Veuillez surveiller quand aura lieu la prochaine activit\u00e9 de la s\u00e9rie le mois prochain.<\/p>\n","protected":false},"excerpt":{"rendered":"<p>&nbsp; \u00ab\u00a0SOIR\u00c9ES \u00c0 LA R\u00c9SIDENCE DU LIEUTENANT-GOUVERNEUR\u00a0\u00bb Soir\u00e9e inaugurale mettant en vedette DAYNA SPIRING Pr\u00e9sidente-directrice g\u00e9n\u00e9rale d\u2019Economic Development Winnipeg La lieutenante-gouverneure du Manitoba, M me \u00a0Anita R. Neville, invite les Manitobaines et Manitobains \u2013 en particulier les personnes qui n\u2019ont jamais visit\u00e9 la r\u00e9sidence du lieutenant-gouverneur \u2013 \u00e0 la premi\u00e8re d\u2019une s\u00e9rie de trois activit\u00e9s gratuites qui visent \u00e0 ouvrir les portes de la r\u00e9sidence au grand public et \u00e0 faire conna\u00eetre des personnalit\u00e9s manitobaines de premier plan dont la parole et les r\u00e9ussites sont une source d\u2019inspiration et contribuent \u00e0 am\u00e9liorer continuellement la vie de toute la population du Manitoba. Pour lancer la s\u00e9rie, la lieutenante-gouverneur aura le plaisir d\u2019accueillir une invit\u00e9e de choix en la personne de Dayna\u00a0Spiring. Chef de file communautaire \u00e0 la fois enthousiaste et visionnaire, Dayna Spiring \u00e9voquera son parcours et ses exp\u00e9riences ainsi que quelques-unes des possibilit\u00e9s qui s\u2019offrent \u00e0 d\u2019autres femmes de faire bouger les choses dans leur milieu. Sa passion pour Winnipeg et sa population est communicative. Elle saisit chaque occasion de nous inciter \u00e0 profiter de tout ce que la capitale a \u00e0 nous offrir. Attendez-vous \u00e0 une conversation passionnante! La rencontre aura lieu le mercredi 11 janvier 2023 \u00e0 la r\u00e9sidence du lieutenant-gouverneur. Les portes seront ouvertes d\u00e8s 18\u00a0h\u00a030 et le programme commencera \u00e0 19\u00a0h. Des rafra\u00eechissements seront servis par la suite. Les personnes qui souhaitent participer doivent s\u2019inscrire \u00e0 l\u2019avance aupr\u00e8s du Bureau du lieutenant- gouverneur en composant le 204\u00a0945-2753. On ne peut r\u00e9server que deux places par inscription. Remarque\u00a0: les sacs de grande taille et les sacs \u00e0 dos seront interdits. L\u2019inscription est maintenant ferm\u00e9e. Veuillez surveiller quand aura lieu la prochaine activit\u00e9 de la s\u00e9rie le mois prochain.<\/p>\n","protected":false},"author":1,"featured_media":0,"comment_status":"open","ping_status":"open","sticky":false,"template":"","format":"standard","meta":{"_acf_changed":false,"footnotes":""},"categories":[29,21],"tags":[],"class_list":["post-13161","post","type-post","status-publish","format-standard","hentry","category-featured","category-news"],"acf":[],"_links":{"self":[{"href":"https:\/\/manitobalg.ca\/fr-ca\/wp-json\/wp\/v2\/posts\/13161","targetHints":{"allow":["GET"]}}],"collection":[{"href":"https:\/\/manitobalg.ca\/fr-ca\/wp-json\/wp\/v2\/posts"}],"about":[{"href":"https:\/\/manitobalg.ca\/fr-ca\/wp-json\/wp\/v2\/types\/post"}],"author":[{"embeddable":true,"href":"https:\/\/manitobalg.ca\/fr-ca\/wp-json\/wp\/v2\/users\/1"}],"replies":[{"embeddable":true,"href":"https:\/\/manitobalg.ca\/fr-ca\/wp-json\/wp\/v2\/comments?post=13161"}],"version-history":[{"count":0,"href":"https:\/\/manitobalg.ca\/fr-ca\/wp-json\/wp\/v2\/posts\/13161\/revisions"}],"wp:attachment":[{"href":"https:\/\/manitobalg.ca\/fr-ca\/wp-json\/wp\/v2\/media?parent=13161"}],"wp:term":[{"taxonomy":"category","embeddable":true,"href":"https:\/\/manitobalg.ca\/fr-ca\/wp-json\/wp\/v2\/categories?post=13161"},{"taxonomy":"post_tag","embeddable":true,"href":"https:\/\/manitobalg.ca\/fr-ca\/wp-json\/wp\/v2\/tags?post=13161"}],"curies":[{"name":"wp","href":"https:\/\/api.w.org\/{rel}","templated":true}]}}