{"id":13171,"date":"2023-03-28T00:00:00","date_gmt":"2023-03-28T05:00:00","guid":{"rendered":"https:\/\/manitobalg.ca\/du-sous-sol-deaton-et-du-magasinage-du-samedi-a-la-reinvention-de-place-portage-le-centre-ville-de-winnipeg-dhier-et-daujourdhui\/"},"modified":"2023-03-28T00:00:00","modified_gmt":"2023-03-28T05:00:00","slug":"du-sous-sol-deaton-et-du-magasinage-du-samedi-a-la-reinvention-de-place-portage-le-centre-ville-de-winnipeg-dhier-et-daujourdhui","status":"publish","type":"post","link":"https:\/\/manitobalg.ca\/fr-ca\/du-sous-sol-deaton-et-du-magasinage-du-samedi-a-la-reinvention-de-place-portage-le-centre-ville-de-winnipeg-dhier-et-daujourdhui\/","title":{"rendered":"\u00ab Du sous-sol d\u2019Eaton et du magasinage du samedi \u00e0 la r\u00e9invention de Place Portage : Le centre-ville de Winnipeg d\u2019hier et d\u2019aujourd\u2019hui \u00bb"},"content":{"rendered":"<p><strong>Jino Distasio, professeur, D\u00e9partement de g\u00e9ographie, Universit\u00e9 de Winnipeg<\/strong><em>\u00a0<\/em><\/p>\n<p><strong>Prochaine rencontre dans le cadre des <em>Soir\u00e9es \u00e0 la r\u00e9sidence du lieutenant-gouverneur<\/em>\u00a0<\/strong><strong>S\u00e9ries d\u2019activit\u00e9s publiques gratuites <\/strong><\/p>\n<p>La lieutenante-gouverneure du Manitoba, M<sup>me<\/sup>\u00a0Anita\u00a0R.\u00a0Neville, invite les Manitobaines et Manitobains\u00a0\u2013 en particulier les personnes qui n\u2019ont jamais visit\u00e9 la r\u00e9sidence du lieutenant-gouverneur\u00a0\u2013 \u00e0 assister \u00e0 la prochaine rencontre d\u2019une s\u00e9rie d\u2019activit\u00e9s publiques gratuites qui visent \u00e0 ouvrir les portes de la r\u00e9sidence au grand public et \u00e0 faire conna\u00eetre des personnalit\u00e9s manitobaines exceptionnelles et inspirantes qui, par leurs paroles et leurs actes, contribuent sans rel\u00e2che \u00e0 faire du Manitoba un meilleur endroit o\u00f9 vivre.<\/p>\n<p>M<sup>me\u00a0<\/sup>Neville est heureuse d\u2019accueillir un invit\u00e9 de choix, M.\u00a0Jino Distasio, \u00e0 l\u2019activit\u00e9 du mois d\u2019avril.<\/p>\n<p>M. Distasio s\u2019est joint au d\u00e9partement de g\u00e9ographie de l\u2019Universit\u00e9 de Winnipeg en 1999. Depuis plus de vingt ans, il dirige l\u2019Institut d\u2019\u00e9tudes urbaines de l\u2019Universit\u00e9, o\u00f9 il m\u00e8ne des recherches approfondies sur le centre-ville et \u00e9tudie des questions d\u2019urbanit\u00e9 plus g\u00e9n\u00e9rales touchant le Canada et d\u2019autres pays. La discussion portera sur la fa\u00e7on dont Winnipeg a r\u00e9ussi \u00e0 se r\u00e9concilier avec un pass\u00e9 difficile tout en trouvant des moyens de se r\u00e9inventer, parfois avec succ\u00e8s, mais souvent en cr\u00e9ant plus de d\u00e9sespoir que d\u2019espoir. La rencontre se terminera par des r\u00e9flexions sur les possibilit\u00e9s d\u2019avenir dans un paysage post-pand\u00e9mique, sur l\u2019effet multiplicateur esp\u00e9r\u00e9 des progr\u00e8s r\u00e9alis\u00e9s au cours des dix derni\u00e8res ann\u00e9es et sur l\u2019intention r\u00e9cente de r\u00e9inventer le centre commercial Place Portage.<\/p>\n<p>La rencontre aura lieu le 11\u00a0avril \u00e0 la r\u00e9sidence du lieutenant-gouverneur. Les portes ouvriront \u00e0 18\u00a0h\u00a030 et le programme commencera \u00e0 19\u00a0h. Il est possible de se garer des deux c\u00f4t\u00e9s de l\u2019entr\u00e9e de la r\u00e9sidence.<\/p>\n<p>Des rafra\u00eechissements seront servis par la suite.<\/p>\n<p>Les personnes qui souhaitent participer doivent s\u2019inscrire \u00e0 l\u2019avance aupr\u00e8s du Bureau du lieutenant-gouverneur en composant le 204\u00a0945-2753. On ne peut r\u00e9server que deux places par inscription.<\/p>\n<p>Remarque\u00a0: les sacs de grande taille et les sacs \u00e0 dos seront interdits.<\/p>\n<p>L\u2019inscription est maintenant ferm\u00e9e. Veuillez surveiller quand aura lieu la prochaine activit\u00e9 de la s\u00e9rie le mois prochain.<\/p>\n","protected":false},"excerpt":{"rendered":"<p>Jino Distasio, professeur, D\u00e9partement de g\u00e9ographie, Universit\u00e9 de Winnipeg\u00a0 Prochaine rencontre dans le cadre des Soir\u00e9es \u00e0 la r\u00e9sidence du lieutenant-gouverneur\u00a0S\u00e9ries d\u2019activit\u00e9s publiques gratuites La lieutenante-gouverneure du Manitoba, Mme\u00a0Anita\u00a0R.\u00a0Neville, invite les Manitobaines et Manitobains\u00a0\u2013 en particulier les personnes qui n\u2019ont jamais visit\u00e9 la r\u00e9sidence du lieutenant-gouverneur\u00a0\u2013 \u00e0 assister \u00e0 la prochaine rencontre d\u2019une s\u00e9rie d\u2019activit\u00e9s publiques gratuites qui visent \u00e0 ouvrir les portes de la r\u00e9sidence au grand public et \u00e0 faire conna\u00eetre des personnalit\u00e9s manitobaines exceptionnelles et inspirantes qui, par leurs paroles et leurs actes, contribuent sans rel\u00e2che \u00e0 faire du Manitoba un meilleur endroit o\u00f9 vivre. Mme\u00a0Neville est heureuse d\u2019accueillir un invit\u00e9 de choix, M.\u00a0Jino Distasio, \u00e0 l\u2019activit\u00e9 du mois d\u2019avril. M. Distasio s\u2019est joint au d\u00e9partement de g\u00e9ographie de l\u2019Universit\u00e9 de Winnipeg en 1999. Depuis plus de vingt ans, il dirige l\u2019Institut d\u2019\u00e9tudes urbaines de l\u2019Universit\u00e9, o\u00f9 il m\u00e8ne des recherches approfondies sur le centre-ville et \u00e9tudie des questions d\u2019urbanit\u00e9 plus g\u00e9n\u00e9rales touchant le Canada et d\u2019autres pays. La discussion portera sur la fa\u00e7on dont Winnipeg a r\u00e9ussi \u00e0 se r\u00e9concilier avec un pass\u00e9 difficile tout en trouvant des moyens de se r\u00e9inventer, parfois avec succ\u00e8s, mais souvent en cr\u00e9ant plus de d\u00e9sespoir que d\u2019espoir. La rencontre se terminera par des r\u00e9flexions sur les possibilit\u00e9s d\u2019avenir dans un paysage post-pand\u00e9mique, sur l\u2019effet multiplicateur esp\u00e9r\u00e9 des progr\u00e8s r\u00e9alis\u00e9s au cours des dix derni\u00e8res ann\u00e9es et sur l\u2019intention r\u00e9cente de r\u00e9inventer le centre commercial Place Portage. La rencontre aura lieu le 11\u00a0avril \u00e0 la r\u00e9sidence du lieutenant-gouverneur. Les portes ouvriront \u00e0 18\u00a0h\u00a030 et le programme commencera \u00e0 19\u00a0h. Il est possible de se garer des deux c\u00f4t\u00e9s de l\u2019entr\u00e9e de la r\u00e9sidence. Des rafra\u00eechissements seront servis par la suite. Les personnes qui souhaitent participer doivent s\u2019inscrire \u00e0 l\u2019avance aupr\u00e8s du Bureau du lieutenant-gouverneur en composant le 204\u00a0945-2753. On ne peut r\u00e9server que deux places par inscription. Remarque\u00a0: les sacs de grande taille et les sacs \u00e0 dos seront interdits. L\u2019inscription est maintenant ferm\u00e9e. Veuillez surveiller quand aura lieu la prochaine activit\u00e9 de la s\u00e9rie le mois prochain.<\/p>\n","protected":false},"author":1,"featured_media":0,"comment_status":"open","ping_status":"open","sticky":false,"template":"","format":"standard","meta":{"_acf_changed":false,"footnotes":""},"categories":[21],"tags":[],"class_list":["post-13171","post","type-post","status-publish","format-standard","hentry","category-news"],"acf":[],"_links":{"self":[{"href":"https:\/\/manitobalg.ca\/fr-ca\/wp-json\/wp\/v2\/posts\/13171","targetHints":{"allow":["GET"]}}],"collection":[{"href":"https:\/\/manitobalg.ca\/fr-ca\/wp-json\/wp\/v2\/posts"}],"about":[{"href":"https:\/\/manitobalg.ca\/fr-ca\/wp-json\/wp\/v2\/types\/post"}],"author":[{"embeddable":true,"href":"https:\/\/manitobalg.ca\/fr-ca\/wp-json\/wp\/v2\/users\/1"}],"replies":[{"embeddable":true,"href":"https:\/\/manitobalg.ca\/fr-ca\/wp-json\/wp\/v2\/comments?post=13171"}],"version-history":[{"count":0,"href":"https:\/\/manitobalg.ca\/fr-ca\/wp-json\/wp\/v2\/posts\/13171\/revisions"}],"wp:attachment":[{"href":"https:\/\/manitobalg.ca\/fr-ca\/wp-json\/wp\/v2\/media?parent=13171"}],"wp:term":[{"taxonomy":"category","embeddable":true,"href":"https:\/\/manitobalg.ca\/fr-ca\/wp-json\/wp\/v2\/categories?post=13171"},{"taxonomy":"post_tag","embeddable":true,"href":"https:\/\/manitobalg.ca\/fr-ca\/wp-json\/wp\/v2\/tags?post=13171"}],"curies":[{"name":"wp","href":"https:\/\/api.w.org\/{rel}","templated":true}]}}