{"id":14856,"date":"2023-12-28T09:57:12","date_gmt":"2023-12-28T15:57:12","guid":{"rendered":"https:\/\/manitobalg.ca\/?p=14856"},"modified":"2023-12-28T09:57:46","modified_gmt":"2023-12-28T15:57:46","slug":"message-de-la-lieutenante-gouverneure-du-manitoba-a-loccasion-des-fetes","status":"publish","type":"post","link":"https:\/\/manitobalg.ca\/fr-ca\/message-de-la-lieutenante-gouverneure-du-manitoba-a-loccasion-des-fetes\/","title":{"rendered":"Message de la lieutenante-gouverneure du Manitoba \u00e0 l\u2019occasion des F\u00eates"},"content":{"rendered":"<p>Le temps des F\u00eates est traditionnellement une p\u00e9riode de bienveillance, de c\u00e9l\u00e9bration et de r\u00e9flexion sur l\u2019ann\u00e9e \u00e9coul\u00e9e et la promesse de la nouvelle ann\u00e9e \u00e0 venir. Il r\u00e8gne un sentiment d\u2019espoir et d\u2019optimisme pour les jours \u00e0 venir, stimul\u00e9 par l\u2019esprit de f\u00eate qui fait si souvent ressortir le meilleur des Manitobains.<\/p>\n<p>Quelle chance nous avons de vivre dans une province aussi accueillante et g\u00e9n\u00e9reuse! Ces caract\u00e9ristiques admirables prennent tout leur sens pendant les F\u00eates, nous rappelant \u00e0 tous l\u2019esprit de communaut\u00e9 que nous partageons et la valeur incommensurable de la bont\u00e9 humaine. Le travail de nombreux organismes de bienfaisance et autres organismes sans but lucratif brille particuli\u00e8rement en cette p\u00e9riode de l\u2019ann\u00e9e, jetant une lumi\u00e8re chaleureuse sur le soutien et l\u2019altruisme dont font preuve nos concitoyens les uns envers les autres.<\/p>\n<p>En tant que repr\u00e9sentante du Roi au Manitoba, je souhaite \u00e0 tous des f\u00eates de fin d\u2019ann\u00e9e heureuses et s\u00fbres, ainsi qu\u2019un v\u0153u sinc\u00e8re de paix et d\u2019harmonie dans le monde. Que l\u2019esprit de f\u00eate envahisse vos c\u0153urs et vos foyers en cette p\u00e9riode, et tout au long de l\u2019ann\u00e9e, en renfor\u00e7ant un sentiment de gratitude pour toutes les possibilit\u00e9s dont nous b\u00e9n\u00e9ficions.<\/p>\n<p><strong>L\u2019honorable Anita R. Neville, C.P., O.M.<br \/>\n<\/strong><strong>Lieutenante-gouverneure du Manitoba<\/strong><\/p>\n","protected":false},"excerpt":{"rendered":"<p>Le temps des F\u00eates est traditionnellement une p\u00e9riode de bienveillance, de c\u00e9l\u00e9bration et de r\u00e9flexion sur l\u2019ann\u00e9e \u00e9coul\u00e9e et la promesse de la nouvelle ann\u00e9e \u00e0 venir. Il r\u00e8gne un sentiment d\u2019espoir et d\u2019optimisme pour les jours \u00e0 venir, stimul\u00e9 par l\u2019esprit de f\u00eate qui fait si souvent ressortir le meilleur des Manitobains. Quelle chance nous avons de vivre dans une province aussi accueillante et g\u00e9n\u00e9reuse! Ces caract\u00e9ristiques admirables prennent tout leur sens pendant les F\u00eates, nous rappelant \u00e0 tous l\u2019esprit de communaut\u00e9 que nous partageons et la valeur incommensurable de la bont\u00e9 humaine. Le travail de nombreux organismes de bienfaisance et autres organismes sans but lucratif brille particuli\u00e8rement en cette p\u00e9riode de l\u2019ann\u00e9e, jetant une lumi\u00e8re chaleureuse sur le soutien et l\u2019altruisme dont font preuve nos concitoyens les uns envers les autres. En tant que repr\u00e9sentante du Roi au Manitoba, je souhaite \u00e0 tous des f\u00eates de fin d\u2019ann\u00e9e heureuses et s\u00fbres, ainsi qu\u2019un v\u0153u sinc\u00e8re de paix et d\u2019harmonie dans le monde. Que l\u2019esprit de f\u00eate envahisse vos c\u0153urs et vos foyers en cette p\u00e9riode, et tout au long de l\u2019ann\u00e9e, en renfor\u00e7ant un sentiment de gratitude pour toutes les possibilit\u00e9s dont nous b\u00e9n\u00e9ficions. L\u2019honorable Anita R. Neville, C.P., O.M. Lieutenante-gouverneure du Manitoba<\/p>\n","protected":false},"author":2,"featured_media":0,"comment_status":"closed","ping_status":"open","sticky":false,"template":"","format":"standard","meta":{"_acf_changed":false,"footnotes":""},"categories":[23],"tags":[],"class_list":["post-14856","post","type-post","status-publish","format-standard","hentry","category-nouvelles"],"acf":[],"_links":{"self":[{"href":"https:\/\/manitobalg.ca\/fr-ca\/wp-json\/wp\/v2\/posts\/14856","targetHints":{"allow":["GET"]}}],"collection":[{"href":"https:\/\/manitobalg.ca\/fr-ca\/wp-json\/wp\/v2\/posts"}],"about":[{"href":"https:\/\/manitobalg.ca\/fr-ca\/wp-json\/wp\/v2\/types\/post"}],"author":[{"embeddable":true,"href":"https:\/\/manitobalg.ca\/fr-ca\/wp-json\/wp\/v2\/users\/2"}],"replies":[{"embeddable":true,"href":"https:\/\/manitobalg.ca\/fr-ca\/wp-json\/wp\/v2\/comments?post=14856"}],"version-history":[{"count":1,"href":"https:\/\/manitobalg.ca\/fr-ca\/wp-json\/wp\/v2\/posts\/14856\/revisions"}],"predecessor-version":[{"id":14857,"href":"https:\/\/manitobalg.ca\/fr-ca\/wp-json\/wp\/v2\/posts\/14856\/revisions\/14857"}],"wp:attachment":[{"href":"https:\/\/manitobalg.ca\/fr-ca\/wp-json\/wp\/v2\/media?parent=14856"}],"wp:term":[{"taxonomy":"category","embeddable":true,"href":"https:\/\/manitobalg.ca\/fr-ca\/wp-json\/wp\/v2\/categories?post=14856"},{"taxonomy":"post_tag","embeddable":true,"href":"https:\/\/manitobalg.ca\/fr-ca\/wp-json\/wp\/v2\/tags?post=14856"}],"curies":[{"name":"wp","href":"https:\/\/api.w.org\/{rel}","templated":true}]}}