{"id":15328,"date":"2024-03-07T10:00:02","date_gmt":"2024-03-07T16:00:02","guid":{"rendered":"https:\/\/manitobalg.ca\/?p=15328"},"modified":"2024-03-07T11:45:44","modified_gmt":"2024-03-07T17:45:44","slug":"la-reconciliation-par-leducation-la-lieutenante-gouverneure-du-manitoba-et-le-centre-national-pour-la-verite-et-la-reconciliation-collaboreront-dans-le-cadre-dune-serie","status":"publish","type":"post","link":"https:\/\/manitobalg.ca\/fr-ca\/la-reconciliation-par-leducation-la-lieutenante-gouverneure-du-manitoba-et-le-centre-national-pour-la-verite-et-la-reconciliation-collaboreront-dans-le-cadre-dune-serie\/","title":{"rendered":"\u00ab LA R\u00c9CONCILIATION PAR L\u2019\u00c9DUCATION \u00bb La lieutenante-gouverneure du Manitoba et le Centre national pour la v\u00e9rit\u00e9 et la r\u00e9conciliation collaboreront dans le cadre d\u2019une s\u00e9rie de sept discussions publiques gratuites \u00e0 la r\u00e9sidence du lieutenant-gouverneur"},"content":{"rendered":"<p>La lieutenante-gouverneure Anita R. Neville est heureuse d\u2019annoncer une nouvelle initiative r\u00e9alis\u00e9e en collaboration avec le Centre national pour la v\u00e9rit\u00e9 et la r\u00e9conciliation (CNVR), qui vise \u00e0 offrir \u00e0 la population manitobaine l\u2019occasion de d\u00e9couvrir la v\u00e9rit\u00e9 au sujet de notre histoire par des gardiens du savoir des Premi\u00e8res Nations, m\u00e9tis et inuits. Les conf\u00e9renciers partageront leur exp\u00e9rience et leurs points quant \u00e0 la fa\u00e7on dont nous pouvons tous contribuer aux efforts continus d\u00e9ploy\u00e9s en mati\u00e8re de v\u00e9rit\u00e9, de r\u00e9conciliation et de gu\u00e9rison en vue d\u2019\u00e9difier une soci\u00e9t\u00e9 plus respectueuse et plus juste pour tous.<\/p>\n<p><strong>La premi\u00e8re repr\u00e9sentation de la s\u00e9rie \u00ab La r\u00e9conciliation par l\u2019\u00e9ducation \u00bb aura lieu le jeudi 21 mars, et mettra en vedette Kaila Johnston, directrice de l\u2019\u00e9ducation, de la sensibilisation et de la programmation publique, qui abordera l\u2019histoire du syst\u00e8me des pensionnats indiens.<\/strong><\/p>\n<p>Les personnes qui souhaitent participer \u00e0 la rencontre DOIVENT s\u2019y inscrire \u00e0 l\u2019avance aupr\u00e8s du Bureau du lieutenant-gouverneur en composant le <a href=\"tel:2049452753\">204 945-2753<\/a>. Le nombre de places est limit\u00e9. On ne peut r\u00e9server que deux places par inscription. La participation est gratuite.<\/p>\n<p>Les portes ouvriront \u00e0 18 h 30, et l\u2019activit\u00e9 commencera \u00e0 19 h. Il est possible de se garer sur les deux c\u00f4t\u00e9s de l\u2019entr\u00e9e de la r\u00e9sidence du lieutenant-gouverneur. Des rafra\u00eechissements seront servis par la suite.<\/p>\n<p>Pensez \u00e0 apporter une denr\u00e9e alimentaire non p\u00e9rissable au profit de l\u2019Initiative de l\u2019espoir de la lieutenante-gouverneure.<\/p>\n<p>Les pr\u00e9sentations seront diffus\u00e9es en direct et accessibles sur notre site Web \u00e0 <a href=\"http:\/\/manitobalg.ca\/fr-ca\/\">www.manitobalg.ca\/fr-ca\/<\/a>.<\/p>\n<p>&#8211; 30 \u2013<\/p>\n<p>Demandes de renseignements des m\u00e9dias uniquement : <a href=\"tel:2049452752\">204 945-2752<\/a><\/p>\n","protected":false},"excerpt":{"rendered":"<p>La lieutenante-gouverneure Anita R. Neville est heureuse d\u2019annoncer une nouvelle initiative r\u00e9alis\u00e9e en collaboration avec le Centre national pour la v\u00e9rit\u00e9 et la r\u00e9conciliation (CNVR), qui vise \u00e0 offrir \u00e0 la population manitobaine l\u2019occasion de d\u00e9couvrir la v\u00e9rit\u00e9 au sujet de notre histoire par des gardiens du savoir des Premi\u00e8res Nations, m\u00e9tis et inuits. Les conf\u00e9renciers partageront leur exp\u00e9rience et leurs points quant \u00e0 la fa\u00e7on dont nous pouvons tous contribuer aux efforts continus d\u00e9ploy\u00e9s en mati\u00e8re de v\u00e9rit\u00e9, de r\u00e9conciliation et de gu\u00e9rison en vue d\u2019\u00e9difier une soci\u00e9t\u00e9 plus respectueuse et plus juste pour tous. La premi\u00e8re repr\u00e9sentation de la s\u00e9rie \u00ab La r\u00e9conciliation par l\u2019\u00e9ducation \u00bb aura lieu le jeudi 21 mars, et mettra en vedette Kaila Johnston, directrice de l\u2019\u00e9ducation, de la sensibilisation et de la programmation publique, qui abordera l\u2019histoire du syst\u00e8me des pensionnats indiens. Les personnes qui souhaitent participer \u00e0 la rencontre DOIVENT s\u2019y inscrire \u00e0 l\u2019avance aupr\u00e8s du Bureau du lieutenant-gouverneur en composant le 204 945-2753. Le nombre de places est limit\u00e9. On ne peut r\u00e9server que deux places par inscription. La participation est gratuite. Les portes ouvriront \u00e0 18 h 30, et l\u2019activit\u00e9 commencera \u00e0 19 h. Il est possible de se garer sur les deux c\u00f4t\u00e9s de l\u2019entr\u00e9e de la r\u00e9sidence du lieutenant-gouverneur. Des rafra\u00eechissements seront servis par la suite. Pensez \u00e0 apporter une denr\u00e9e alimentaire non p\u00e9rissable au profit de l\u2019Initiative de l\u2019espoir de la lieutenante-gouverneure. Les pr\u00e9sentations seront diffus\u00e9es en direct et accessibles sur notre site Web \u00e0 www.manitobalg.ca\/fr-ca\/. &#8211; 30 \u2013 Demandes de renseignements des m\u00e9dias uniquement : 204 945-2752<\/p>\n","protected":false},"author":2,"featured_media":0,"comment_status":"closed","ping_status":"open","sticky":false,"template":"","format":"standard","meta":{"_acf_changed":false,"footnotes":""},"categories":[23],"tags":[],"class_list":["post-15328","post","type-post","status-publish","format-standard","hentry","category-nouvelles"],"acf":[],"_links":{"self":[{"href":"https:\/\/manitobalg.ca\/fr-ca\/wp-json\/wp\/v2\/posts\/15328","targetHints":{"allow":["GET"]}}],"collection":[{"href":"https:\/\/manitobalg.ca\/fr-ca\/wp-json\/wp\/v2\/posts"}],"about":[{"href":"https:\/\/manitobalg.ca\/fr-ca\/wp-json\/wp\/v2\/types\/post"}],"author":[{"embeddable":true,"href":"https:\/\/manitobalg.ca\/fr-ca\/wp-json\/wp\/v2\/users\/2"}],"replies":[{"embeddable":true,"href":"https:\/\/manitobalg.ca\/fr-ca\/wp-json\/wp\/v2\/comments?post=15328"}],"version-history":[{"count":3,"href":"https:\/\/manitobalg.ca\/fr-ca\/wp-json\/wp\/v2\/posts\/15328\/revisions"}],"predecessor-version":[{"id":15333,"href":"https:\/\/manitobalg.ca\/fr-ca\/wp-json\/wp\/v2\/posts\/15328\/revisions\/15333"}],"wp:attachment":[{"href":"https:\/\/manitobalg.ca\/fr-ca\/wp-json\/wp\/v2\/media?parent=15328"}],"wp:term":[{"taxonomy":"category","embeddable":true,"href":"https:\/\/manitobalg.ca\/fr-ca\/wp-json\/wp\/v2\/categories?post=15328"},{"taxonomy":"post_tag","embeddable":true,"href":"https:\/\/manitobalg.ca\/fr-ca\/wp-json\/wp\/v2\/tags?post=15328"}],"curies":[{"name":"wp","href":"https:\/\/api.w.org\/{rel}","templated":true}]}}