{"id":15336,"date":"2024-03-11T09:20:08","date_gmt":"2024-03-11T14:20:08","guid":{"rendered":"https:\/\/manitobalg.ca\/?p=15336"},"modified":"2024-03-11T10:17:04","modified_gmt":"2024-03-11T15:17:04","slug":"message-de-la-gouverneure-generale-a-loccasion-du-jour-du-commonwealth","status":"publish","type":"post","link":"https:\/\/manitobalg.ca\/fr-ca\/message-de-la-gouverneure-generale-a-loccasion-du-jour-du-commonwealth\/","title":{"rendered":"Message de la gouverneure g\u00e9n\u00e9rale \u00e0 l\u2019occasion du Jour du Commonwealth"},"content":{"rendered":"<p>Le Commonwealth repr\u00e9sente une richesse de cultures, de langues, d\u2019exp\u00e9riences et d\u2019origines. Aujourd\u2019hui, nous c\u00e9l\u00e9brons ce qui nous unit tous\u00a0: la volont\u00e9 commune d\u2019am\u00e9liorer nos communaut\u00e9s et de prot\u00e9ger notre plan\u00e8te et notre climat, et de relever les d\u00e9fis li\u00e9s \u00e0 notre monde interconnect\u00e9 tout en saisissant les occasions qu\u2019il nous offre. Ce faisant, nous b\u00e2tissons un avenir prometteur pour les g\u00e9n\u00e9rations \u00e0 venir et veillons au mieux-\u00eatre social, environnemental et \u00e9conomique de tous les peuples.<\/p>\n<p>D\u2019un continent et d\u2019un oc\u00e9an \u00e0 l\u2019autre, nous avons jet\u00e9 des ponts faits de compr\u00e9hension, d\u2019amiti\u00e9 et de collaboration. Le Canada se joint aux autres membres du Commonwealth pour faire face \u00e0 l\u2019avenir \u2014 \u00e0 notre avenir commun \u2014 avec clairvoyance et r\u00e9silience. Nous sommes d\u2019avis que la meilleure fa\u00e7on de relever les d\u00e9fis mondiaux et de b\u00e2tir des communaut\u00e9s plus fortes est d\u2019utiliser le pouvoir du dialogue, en accordant une place centrale au respect, \u00e0 la compr\u00e9hension, \u00e0 la diversit\u00e9 et \u00e0 l\u2019\u00e9galit\u00e9 dans tout ce que nous faisons.<\/p>\n<p>En ce Jour du Commonwealth, rappelons-nous que nous pouvons travailler ensemble pour cr\u00e9er un monde plus inclusif. Puissent nos valeurs communes et nos efforts collectifs continuer \u00e0 renforcer les liens d\u2019amiti\u00e9 et de coop\u00e9ration qui nous unissent.<\/p>\n","protected":false},"excerpt":{"rendered":"<p>Le Commonwealth repr\u00e9sente une richesse de cultures, de langues, d\u2019exp\u00e9riences et d\u2019origines. Aujourd\u2019hui, nous c\u00e9l\u00e9brons ce qui nous unit tous\u00a0: la volont\u00e9 commune d\u2019am\u00e9liorer nos communaut\u00e9s et de prot\u00e9ger notre plan\u00e8te et notre climat, et de relever les d\u00e9fis li\u00e9s \u00e0 notre monde interconnect\u00e9 tout en saisissant les occasions qu\u2019il nous offre. Ce faisant, nous b\u00e2tissons un avenir prometteur pour les g\u00e9n\u00e9rations \u00e0 venir et veillons au mieux-\u00eatre social, environnemental et \u00e9conomique de tous les peuples. D\u2019un continent et d\u2019un oc\u00e9an \u00e0 l\u2019autre, nous avons jet\u00e9 des ponts faits de compr\u00e9hension, d\u2019amiti\u00e9 et de collaboration. Le Canada se joint aux autres membres du Commonwealth pour faire face \u00e0 l\u2019avenir \u2014 \u00e0 notre avenir commun \u2014 avec clairvoyance et r\u00e9silience. Nous sommes d\u2019avis que la meilleure fa\u00e7on de relever les d\u00e9fis mondiaux et de b\u00e2tir des communaut\u00e9s plus fortes est d\u2019utiliser le pouvoir du dialogue, en accordant une place centrale au respect, \u00e0 la compr\u00e9hension, \u00e0 la diversit\u00e9 et \u00e0 l\u2019\u00e9galit\u00e9 dans tout ce que nous faisons. En ce Jour du Commonwealth, rappelons-nous que nous pouvons travailler ensemble pour cr\u00e9er un monde plus inclusif. Puissent nos valeurs communes et nos efforts collectifs continuer \u00e0 renforcer les liens d\u2019amiti\u00e9 et de coop\u00e9ration qui nous unissent.<\/p>\n","protected":false},"author":2,"featured_media":0,"comment_status":"closed","ping_status":"open","sticky":false,"template":"","format":"standard","meta":{"_acf_changed":false,"footnotes":""},"categories":[23],"tags":[],"class_list":["post-15336","post","type-post","status-publish","format-standard","hentry","category-nouvelles"],"acf":[],"_links":{"self":[{"href":"https:\/\/manitobalg.ca\/fr-ca\/wp-json\/wp\/v2\/posts\/15336","targetHints":{"allow":["GET"]}}],"collection":[{"href":"https:\/\/manitobalg.ca\/fr-ca\/wp-json\/wp\/v2\/posts"}],"about":[{"href":"https:\/\/manitobalg.ca\/fr-ca\/wp-json\/wp\/v2\/types\/post"}],"author":[{"embeddable":true,"href":"https:\/\/manitobalg.ca\/fr-ca\/wp-json\/wp\/v2\/users\/2"}],"replies":[{"embeddable":true,"href":"https:\/\/manitobalg.ca\/fr-ca\/wp-json\/wp\/v2\/comments?post=15336"}],"version-history":[{"count":1,"href":"https:\/\/manitobalg.ca\/fr-ca\/wp-json\/wp\/v2\/posts\/15336\/revisions"}],"predecessor-version":[{"id":15337,"href":"https:\/\/manitobalg.ca\/fr-ca\/wp-json\/wp\/v2\/posts\/15336\/revisions\/15337"}],"wp:attachment":[{"href":"https:\/\/manitobalg.ca\/fr-ca\/wp-json\/wp\/v2\/media?parent=15336"}],"wp:term":[{"taxonomy":"category","embeddable":true,"href":"https:\/\/manitobalg.ca\/fr-ca\/wp-json\/wp\/v2\/categories?post=15336"},{"taxonomy":"post_tag","embeddable":true,"href":"https:\/\/manitobalg.ca\/fr-ca\/wp-json\/wp\/v2\/tags?post=15336"}],"curies":[{"name":"wp","href":"https:\/\/api.w.org\/{rel}","templated":true}]}}