{"id":15412,"date":"2024-04-03T09:59:40","date_gmt":"2024-04-03T14:59:40","guid":{"rendered":"https:\/\/manitobalg.ca\/?p=15412"},"modified":"2024-04-04T10:02:08","modified_gmt":"2024-04-04T15:02:08","slug":"les-prejuges-inconscients-et-la-demystification-des-stereotypes-seront-au-coeur-de-la-deuxieme-presentation-de-la-serie-la-reconciliation-par-leducation","status":"publish","type":"post","link":"https:\/\/manitobalg.ca\/fr-ca\/les-prejuges-inconscients-et-la-demystification-des-stereotypes-seront-au-coeur-de-la-deuxieme-presentation-de-la-serie-la-reconciliation-par-leducation\/","title":{"rendered":"Les pr\u00e9jug\u00e9s inconscients et la d\u00e9mystification des st\u00e9r\u00e9otypes seront au c\u0153ur de la deuxi\u00e8me pr\u00e9sentation de la s\u00e9rie \u00ab La r\u00e9conciliation par l\u2019\u00e9ducation \u00bb."},"content":{"rendered":"<p style=\"text-align: center;\"><strong>\u00ab LA R\u00c9CONCILIATION PAR L\u2019\u00c9DUCATION \u00bb <\/strong><\/p>\n<p style=\"text-align: center;\"><strong>La lieutenante-gouverneure du Manitoba et le Centre national pour la v\u00e9rit\u00e9 et la r\u00e9conciliation collaboreront dans le cadre d\u2019une s\u00e9rie de sept pr\u00e9sentations publiques gratuites au Palais du gouvernement<\/strong><\/p>\n<p>La lieutenante-gouverneure Anita R. Neville est heureuse d\u2019annoncer une nouvelle initiative r\u00e9alis\u00e9e en collaboration avec le Centre national pour la v\u00e9rit\u00e9 et la r\u00e9conciliation, qui vise \u00e0 offrir \u00e0 la population manitobaine l\u2019occasion de d\u00e9couvrir la v\u00e9rit\u00e9 au sujet de notre histoire par des gardiens du savoir des Premi\u00e8res Nations, m\u00e9tis et inuits. Les conf\u00e9renciers partageront leur exp\u00e9rience et leurs points de vue quant \u00e0 la fa\u00e7on dont nous pouvons tous contribuer aux efforts continus d\u00e9ploy\u00e9s en mati\u00e8re de v\u00e9rit\u00e9, de r\u00e9conciliation et de gu\u00e9rison en vue d\u2019\u00e9difier une soci\u00e9t\u00e9 plus respectueuse et plus juste pour tous.<\/p>\n<p><strong>Les pr\u00e9jug\u00e9s inconscients et la d\u00e9mystification des st\u00e9r\u00e9otypes seront au coeur de la deuxi\u00e8me pr\u00e9sentation de la s\u00e9rie \u00ab La r\u00e9conciliation par l\u2019\u00e9ducation \u00bb. L\u2019activit\u00e9 aura lieu le mercredi 17 avril et mettra en vedette Cary Miller, professeure d\u2019\u00e9tudes autochtones \u00e0 l\u2019Universit\u00e9 du Manitoba. <\/strong><\/p>\n<p>Les personnes qui souhaitent participer \u00e0 la rencontre DOIVENT s\u2019y inscrire \u00e0 l\u2019avance aupr\u00e8s du Bureau du lieutenant-gouverneur en composant le <a href=\"tel:2049452753\">204 945-2753<\/a>. Le nombre de places assises est limit\u00e9. On ne peut r\u00e9server que deux places par inscription. La participation est gratuite.<\/p>\n<p>Les portes du Palais du gouvernement, situ\u00e9 au 10, rue Kennedy, ouvriront \u00e0 18 h 30, et l\u2019activit\u00e9 commencera \u00e0 19 h. Il est possible de se garer sur les deux c\u00f4t\u00e9s de l\u2019entr\u00e9e. Des rafra\u00eechissements seront servis par la suite.<\/p>\n<p>Pensez \u00e0 apporter une denr\u00e9e alimentaire non p\u00e9rissable au profit de l\u2019Initiative de l\u2019espoir de la lieutenante-gouverneure.<\/p>\n<p>Les pr\u00e9sentations seront diffus\u00e9es en direct (il n\u2019est pas n\u00e9cessaire de s\u2019inscrire pour voir la diffusion en direct) et seront disponibles en permanence sur notre site web \u00e0 l\u2019adresse <a href=\"https:\/\/manitobalg.ca\/fr-ca\/\">manitobalg.ca\/fr-ca\/<\/a>.<\/p>\n<p style=\"text-align: center;\">\u2013 30 \u2013<\/p>\n<p>Demandes de renseignements des m\u00e9dias uniquement : <a href=\"tel:2049452752\">204 945-2752<\/a><\/p>\n","protected":false},"excerpt":{"rendered":"<p>\u00ab LA R\u00c9CONCILIATION PAR L\u2019\u00c9DUCATION \u00bb La lieutenante-gouverneure du Manitoba et le Centre national pour la v\u00e9rit\u00e9 et la r\u00e9conciliation collaboreront dans le cadre d\u2019une s\u00e9rie de sept pr\u00e9sentations publiques gratuites au Palais du gouvernement La lieutenante-gouverneure Anita R. Neville est heureuse d\u2019annoncer une nouvelle initiative r\u00e9alis\u00e9e en collaboration avec le Centre national pour la v\u00e9rit\u00e9 et la r\u00e9conciliation, qui vise \u00e0 offrir \u00e0 la population manitobaine l\u2019occasion de d\u00e9couvrir la v\u00e9rit\u00e9 au sujet de notre histoire par des gardiens du savoir des Premi\u00e8res Nations, m\u00e9tis et inuits. Les conf\u00e9renciers partageront leur exp\u00e9rience et leurs points de vue quant \u00e0 la fa\u00e7on dont nous pouvons tous contribuer aux efforts continus d\u00e9ploy\u00e9s en mati\u00e8re de v\u00e9rit\u00e9, de r\u00e9conciliation et de gu\u00e9rison en vue d\u2019\u00e9difier une soci\u00e9t\u00e9 plus respectueuse et plus juste pour tous. Les pr\u00e9jug\u00e9s inconscients et la d\u00e9mystification des st\u00e9r\u00e9otypes seront au coeur de la deuxi\u00e8me pr\u00e9sentation de la s\u00e9rie \u00ab La r\u00e9conciliation par l\u2019\u00e9ducation \u00bb. L\u2019activit\u00e9 aura lieu le mercredi 17 avril et mettra en vedette Cary Miller, professeure d\u2019\u00e9tudes autochtones \u00e0 l\u2019Universit\u00e9 du Manitoba. Les personnes qui souhaitent participer \u00e0 la rencontre DOIVENT s\u2019y inscrire \u00e0 l\u2019avance aupr\u00e8s du Bureau du lieutenant-gouverneur en composant le 204 945-2753. Le nombre de places assises est limit\u00e9. On ne peut r\u00e9server que deux places par inscription. La participation est gratuite. Les portes du Palais du gouvernement, situ\u00e9 au 10, rue Kennedy, ouvriront \u00e0 18 h 30, et l\u2019activit\u00e9 commencera \u00e0 19 h. Il est possible de se garer sur les deux c\u00f4t\u00e9s de l\u2019entr\u00e9e. Des rafra\u00eechissements seront servis par la suite. Pensez \u00e0 apporter une denr\u00e9e alimentaire non p\u00e9rissable au profit de l\u2019Initiative de l\u2019espoir de la lieutenante-gouverneure. Les pr\u00e9sentations seront diffus\u00e9es en direct (il n\u2019est pas n\u00e9cessaire de s\u2019inscrire pour voir la diffusion en direct) et seront disponibles en permanence sur notre site web \u00e0 l\u2019adresse manitobalg.ca\/fr-ca\/. \u2013 30 \u2013 Demandes de renseignements des m\u00e9dias uniquement : 204 945-2752<\/p>\n","protected":false},"author":2,"featured_media":0,"comment_status":"closed","ping_status":"open","sticky":false,"template":"","format":"standard","meta":{"_acf_changed":false,"footnotes":""},"categories":[23],"tags":[],"class_list":["post-15412","post","type-post","status-publish","format-standard","hentry","category-nouvelles"],"acf":[],"_links":{"self":[{"href":"https:\/\/manitobalg.ca\/fr-ca\/wp-json\/wp\/v2\/posts\/15412","targetHints":{"allow":["GET"]}}],"collection":[{"href":"https:\/\/manitobalg.ca\/fr-ca\/wp-json\/wp\/v2\/posts"}],"about":[{"href":"https:\/\/manitobalg.ca\/fr-ca\/wp-json\/wp\/v2\/types\/post"}],"author":[{"embeddable":true,"href":"https:\/\/manitobalg.ca\/fr-ca\/wp-json\/wp\/v2\/users\/2"}],"replies":[{"embeddable":true,"href":"https:\/\/manitobalg.ca\/fr-ca\/wp-json\/wp\/v2\/comments?post=15412"}],"version-history":[{"count":1,"href":"https:\/\/manitobalg.ca\/fr-ca\/wp-json\/wp\/v2\/posts\/15412\/revisions"}],"predecessor-version":[{"id":15413,"href":"https:\/\/manitobalg.ca\/fr-ca\/wp-json\/wp\/v2\/posts\/15412\/revisions\/15413"}],"wp:attachment":[{"href":"https:\/\/manitobalg.ca\/fr-ca\/wp-json\/wp\/v2\/media?parent=15412"}],"wp:term":[{"taxonomy":"category","embeddable":true,"href":"https:\/\/manitobalg.ca\/fr-ca\/wp-json\/wp\/v2\/categories?post=15412"},{"taxonomy":"post_tag","embeddable":true,"href":"https:\/\/manitobalg.ca\/fr-ca\/wp-json\/wp\/v2\/tags?post=15412"}],"curies":[{"name":"wp","href":"https:\/\/api.w.org\/{rel}","templated":true}]}}