{"id":16149,"date":"2024-09-05T14:17:57","date_gmt":"2024-09-05T19:17:57","guid":{"rendered":"https:\/\/manitobalg.ca\/?p=16149"},"modified":"2024-09-13T14:34:48","modified_gmt":"2024-09-13T19:34:48","slug":"le-deni-des-pensionnats-et-les-moyens-de-le-contrer","status":"publish","type":"post","link":"https:\/\/manitobalg.ca\/fr-ca\/le-deni-des-pensionnats-et-les-moyens-de-le-contrer\/","title":{"rendered":"\u00ab Le d\u00e9ni des pensionnats et les moyens de le contrer \u201c &#8211; Cinqui\u00e8me pr\u00e9sentation de la s\u00e9rie \u201d La r\u00e9conciliation par l&rsquo;\u00e9ducation \u00bb."},"content":{"rendered":"<p style=\"text-align: center;\"><strong>\u00ab\u00a0LA R\u00c9CONCILIATION PAR L\u2019\u00c9DUCATION\u00a0\u00bb<\/strong><\/p>\n<p style=\"text-align: center;\"><strong>La lieutenante-gouverneure du Manitoba et le Centre national pour la v\u00e9rit\u00e9 et la r\u00e9conciliation sont heureux d\u2019annoncer la tenue d\u2019une s\u00e9rie automnale de sept pr\u00e9sentations publiques gratuites au palais du gouvernement<\/strong><\/p>\n<p>La lieutenante-gouverneure Anita\u00a0R.\u00a0Neville est heureuse d\u2019accueillir de nouveau cet automne la s\u00e9rie des pr\u00e9sentations publiques intitul\u00e9e \u00ab\u00a0La r\u00e9conciliation par l\u2019\u00e9ducation\u00a0\u00bb. R\u00e9alis\u00e9e en collaboration avec le Centre national pour la v\u00e9rit\u00e9 et la r\u00e9conciliation, cette initiative vise \u00e0 offrir \u00e0 la population manitobaine l\u2019occasion de d\u00e9couvrir la v\u00e9rit\u00e9 au sujet de notre histoire aupr\u00e8s des gardiens du savoir des Premi\u00e8res Nations, m\u00e9tis et inuits. Les conf\u00e9renciers partageront leur exp\u00e9rience et leurs points de vue quant \u00e0 la fa\u00e7on dont nous pouvons tous contribuer aux efforts continus d\u00e9ploy\u00e9s en mati\u00e8re de v\u00e9rit\u00e9, de r\u00e9conciliation et de gu\u00e9rison en vue d\u2019\u00e9difier une soci\u00e9t\u00e9 plus respectueuse et plus juste pour tous.<\/p>\n<p>La cinqui\u00e8me pr\u00e9sentation de la s\u00e9rie \u00ab\u00a0La r\u00e9conciliation par l\u2019\u00e9ducation\u00a0\u00bb portera sur le d\u00e9ni de la r\u00e9alit\u00e9 des pensionnats et les mesures permettant de contrer ce ph\u00e9nom\u00e8ne. L\u2019activit\u00e9 qui aura lieu le jeudi 19\u00a0septembre mettra en vedette M.\u00a0Sean\u00a0Carleton, professeur d\u2019\u00e9tudes autochtones \u00e0 l\u2019Universit\u00e9 du Manitoba.<\/p>\n<p>Les personnes qui souhaitent participer \u00e0 la rencontre DOIVENT s\u2019y inscrire \u00e0 l\u2019avance aupr\u00e8s du Bureau de la lieutenante-gouverneure en composant le <a href=\"tel:2049452753\" target=\"_blank\" rel=\"noopener\">204\u00a0945-2753<\/a>. La participation est gratuite, le nombre de places assises est limit\u00e9, et on ne peut r\u00e9server que deux places par inscription.<\/p>\n<p>Les portes du <a href=\"https:\/\/manitobalg.ca\/fr-ca\/oom-recipients\/connie-walker\/\" target=\"_blank\" rel=\"noopener\">palais du gouvernement, situ\u00e9 au 10, rue Kennedy, \u00e0 Winnipeg<\/a>, ouvriront \u00e0 18\u00a0h\u00a030, et l\u2019activit\u00e9 commencera \u00e0 19\u00a0h. Il est possible de se garer sur les deux c\u00f4t\u00e9s de l\u2019entr\u00e9e. Des rafra\u00eechissements seront servis apr\u00e8s l\u2019activit\u00e9.<\/p>\n<p>Les participants sont invit\u00e9s \u00e0 apporter des denr\u00e9es alimentaires non p\u00e9rissables au profit de l\u2019Initiative de l\u2019espoir de la lieutenante-gouverneure.<\/p>\n","protected":false},"excerpt":{"rendered":"<p>\u00ab\u00a0LA R\u00c9CONCILIATION PAR L\u2019\u00c9DUCATION\u00a0\u00bb La lieutenante-gouverneure du Manitoba et le Centre national pour la v\u00e9rit\u00e9 et la r\u00e9conciliation sont heureux d\u2019annoncer la tenue d\u2019une s\u00e9rie automnale de sept pr\u00e9sentations publiques gratuites au palais du gouvernement La lieutenante-gouverneure Anita\u00a0R.\u00a0Neville est heureuse d\u2019accueillir de nouveau cet automne la s\u00e9rie des pr\u00e9sentations publiques intitul\u00e9e \u00ab\u00a0La r\u00e9conciliation par l\u2019\u00e9ducation\u00a0\u00bb. R\u00e9alis\u00e9e en collaboration avec le Centre national pour la v\u00e9rit\u00e9 et la r\u00e9conciliation, cette initiative vise \u00e0 offrir \u00e0 la population manitobaine l\u2019occasion de d\u00e9couvrir la v\u00e9rit\u00e9 au sujet de notre histoire aupr\u00e8s des gardiens du savoir des Premi\u00e8res Nations, m\u00e9tis et inuits. Les conf\u00e9renciers partageront leur exp\u00e9rience et leurs points de vue quant \u00e0 la fa\u00e7on dont nous pouvons tous contribuer aux efforts continus d\u00e9ploy\u00e9s en mati\u00e8re de v\u00e9rit\u00e9, de r\u00e9conciliation et de gu\u00e9rison en vue d\u2019\u00e9difier une soci\u00e9t\u00e9 plus respectueuse et plus juste pour tous. La cinqui\u00e8me pr\u00e9sentation de la s\u00e9rie \u00ab\u00a0La r\u00e9conciliation par l\u2019\u00e9ducation\u00a0\u00bb portera sur le d\u00e9ni de la r\u00e9alit\u00e9 des pensionnats et les mesures permettant de contrer ce ph\u00e9nom\u00e8ne. L\u2019activit\u00e9 qui aura lieu le jeudi 19\u00a0septembre mettra en vedette M.\u00a0Sean\u00a0Carleton, professeur d\u2019\u00e9tudes autochtones \u00e0 l\u2019Universit\u00e9 du Manitoba. Les personnes qui souhaitent participer \u00e0 la rencontre DOIVENT s\u2019y inscrire \u00e0 l\u2019avance aupr\u00e8s du Bureau de la lieutenante-gouverneure en composant le 204\u00a0945-2753. La participation est gratuite, le nombre de places assises est limit\u00e9, et on ne peut r\u00e9server que deux places par inscription. Les portes du palais du gouvernement, situ\u00e9 au 10, rue Kennedy, \u00e0 Winnipeg, ouvriront \u00e0 18\u00a0h\u00a030, et l\u2019activit\u00e9 commencera \u00e0 19\u00a0h. Il est possible de se garer sur les deux c\u00f4t\u00e9s de l\u2019entr\u00e9e. Des rafra\u00eechissements seront servis apr\u00e8s l\u2019activit\u00e9. Les participants sont invit\u00e9s \u00e0 apporter des denr\u00e9es alimentaires non p\u00e9rissables au profit de l\u2019Initiative de l\u2019espoir de la lieutenante-gouverneure.<\/p>\n","protected":false},"author":6,"featured_media":0,"comment_status":"closed","ping_status":"open","sticky":false,"template":"","format":"standard","meta":{"_acf_changed":false,"footnotes":""},"categories":[23],"tags":[],"class_list":["post-16149","post","type-post","status-publish","format-standard","hentry","category-nouvelles"],"acf":[],"_links":{"self":[{"href":"https:\/\/manitobalg.ca\/fr-ca\/wp-json\/wp\/v2\/posts\/16149","targetHints":{"allow":["GET"]}}],"collection":[{"href":"https:\/\/manitobalg.ca\/fr-ca\/wp-json\/wp\/v2\/posts"}],"about":[{"href":"https:\/\/manitobalg.ca\/fr-ca\/wp-json\/wp\/v2\/types\/post"}],"author":[{"embeddable":true,"href":"https:\/\/manitobalg.ca\/fr-ca\/wp-json\/wp\/v2\/users\/6"}],"replies":[{"embeddable":true,"href":"https:\/\/manitobalg.ca\/fr-ca\/wp-json\/wp\/v2\/comments?post=16149"}],"version-history":[{"count":1,"href":"https:\/\/manitobalg.ca\/fr-ca\/wp-json\/wp\/v2\/posts\/16149\/revisions"}],"predecessor-version":[{"id":16150,"href":"https:\/\/manitobalg.ca\/fr-ca\/wp-json\/wp\/v2\/posts\/16149\/revisions\/16150"}],"wp:attachment":[{"href":"https:\/\/manitobalg.ca\/fr-ca\/wp-json\/wp\/v2\/media?parent=16149"}],"wp:term":[{"taxonomy":"category","embeddable":true,"href":"https:\/\/manitobalg.ca\/fr-ca\/wp-json\/wp\/v2\/categories?post=16149"},{"taxonomy":"post_tag","embeddable":true,"href":"https:\/\/manitobalg.ca\/fr-ca\/wp-json\/wp\/v2\/tags?post=16149"}],"curies":[{"name":"wp","href":"https:\/\/api.w.org\/{rel}","templated":true}]}}