{"id":16479,"date":"2024-09-24T15:04:20","date_gmt":"2024-09-24T20:04:20","guid":{"rendered":"https:\/\/manitobalg.ca\/?p=16479"},"modified":"2024-09-27T15:17:28","modified_gmt":"2024-09-27T20:17:28","slug":"soutenir-les-personnes-agees-du-manitoba-pour-quelles-puissent-vieillir-au-bon-endroit","status":"publish","type":"post","link":"https:\/\/manitobalg.ca\/fr-ca\/soutenir-les-personnes-agees-du-manitoba-pour-quelles-puissent-vieillir-au-bon-endroit\/","title":{"rendered":"\u00ab Soutenir les personnes \u00e2g\u00e9es du Manitoba pour qu\u2019elles puissent vieillir au bon endroit \u00bb avec Alexander Segall, Ph. D., et Amanda Macrae"},"content":{"rendered":"<h2 class=\"p1\" style=\"text-align: center;\"><b>Prochaine pr\u00e9sentation dans le cadre des Soir\u00e9es \u00e0 la r\u00e9sidence de la lieutenante-<\/b><b>gouverneure<\/b><\/h2>\n<h3 class=\"p1\" style=\"text-align: center;\"><b>S\u00e9rie d\u2019activit\u00e9s publiques gratuites<\/b><\/h3>\n<p class=\"p1\">La lieutenante-gouverneure du Manitoba Anita R. Neville invite les Manitobaines et Manitobains \u00e0 assister \u00e0 la prochaine pr\u00e9sentation d\u2019une s\u00e9rie d\u2019activit\u00e9s publiques gratuites qui ont pour but d\u2019ouvrir les portes de sa r\u00e9sidence au grand public et de faire conna\u00eetre des personnalit\u00e9s manitobaines exceptionnelles et inspirantes qui, par leurs paroles et leurs actes, contribuent sans rel\u00e2che \u00e0 faire du Manitoba un meilleur endroit o\u00f9 vivre.<\/p>\n<p class=\"p1\">Alexander Segall, Ph. D., professeur \u00e9m\u00e9rite et chercheur affili\u00e9 au Centre on Aging (Centre sur le vieillissement) de l\u2019Universit\u00e9 du Manitoba et membre du conseil d\u2019administration de l\u2019organisme Age and Opportunity (A &amp; O), et Amanda Macrae, directrice g\u00e9n\u00e9rale d\u2019A &amp; O, seront les invit\u00e9s de l\u2019activit\u00e9 publique du mois d\u2019octobre : \u00ab Les services de soutien pour les personnes \u00e2g\u00e9es \u00bb. Cette pr\u00e9sentation comprendra une vue d\u2019ensemble du vieillissement de la population et des initiatives actuelles destin\u00e9es \u00e0 am\u00e9liorer la qualit\u00e9 de vie des personnes \u00e2g\u00e9es. Elle mettra \u00e9galement en lumi\u00e8re la mani\u00e8re dont A &amp; O fournit des programmes de services sociaux sp\u00e9cialis\u00e9s pour aider les personnes \u00e2g\u00e9es du Manitoba \u00e0 vieillir chez elles, dans leur communaut\u00e9, depuis 1957.<\/p>\n<p class=\"p1\">La rencontre aura lieu le mardi 8 octobre \u00e0 la r\u00e9sidence de la lieutenante-gouverneure. Les portes ouvriront \u00e0 18 h 30, et l\u2019activit\u00e9 commencera \u00e0 19 h. Il est possible de se garer sur les deux c\u00f4t\u00e9s de l\u2019entr\u00e9e de la r\u00e9sidence.<\/p>\n<p class=\"p1\">Des rafra\u00eechissements seront servis apr\u00e8s l\u2019activit\u00e9.<\/p>\n<p class=\"p1\">Les personnes qui souhaitent participer \u00e0 l\u2019\u00e9v\u00e9nement doivent s\u2019y inscrire \u00e0 l\u2019avance aupr\u00e8s du Bureau de la lieutenante-gouverneure en composant le <a href=\"tel:2049452753\" target=\"_blank\" rel=\"noopener\">204-945-2753<\/a>. On ne peut r\u00e9server que deux places par inscription.<\/p>\n<p class=\"p1\">Veuillez noter que les sacs de grande taille et les sacs \u00e0 dos seront interdits.<\/p>\n<p class=\"p1\">L\u2019inscription est maintenant ouverte. Le nombre de places assises est limit\u00e9. La participation est gratuite.<\/p>\n<p class=\"p1\"><b><i>Les participants sont invit\u00e9s \u00e0 apporter des denr\u00e9es alimentaires non p\u00e9rissables au profit de<\/i><\/b><b><i>l\u2019Initiative de l\u2019espoir de la lieutenante-gouverneure.<\/i><\/b><\/p>\n","protected":false},"excerpt":{"rendered":"<p>Prochaine pr\u00e9sentation dans le cadre des Soir\u00e9es \u00e0 la r\u00e9sidence de la lieutenante-gouverneure S\u00e9rie d\u2019activit\u00e9s publiques gratuites La lieutenante-gouverneure du Manitoba Anita R. Neville invite les Manitobaines et Manitobains \u00e0 assister \u00e0 la prochaine pr\u00e9sentation d\u2019une s\u00e9rie d\u2019activit\u00e9s publiques gratuites qui ont pour but d\u2019ouvrir les portes de sa r\u00e9sidence au grand public et de faire conna\u00eetre des personnalit\u00e9s manitobaines exceptionnelles et inspirantes qui, par leurs paroles et leurs actes, contribuent sans rel\u00e2che \u00e0 faire du Manitoba un meilleur endroit o\u00f9 vivre. Alexander Segall, Ph. D., professeur \u00e9m\u00e9rite et chercheur affili\u00e9 au Centre on Aging (Centre sur le vieillissement) de l\u2019Universit\u00e9 du Manitoba et membre du conseil d\u2019administration de l\u2019organisme Age and Opportunity (A &amp; O), et Amanda Macrae, directrice g\u00e9n\u00e9rale d\u2019A &amp; O, seront les invit\u00e9s de l\u2019activit\u00e9 publique du mois d\u2019octobre : \u00ab Les services de soutien pour les personnes \u00e2g\u00e9es \u00bb. Cette pr\u00e9sentation comprendra une vue d\u2019ensemble du vieillissement de la population et des initiatives actuelles destin\u00e9es \u00e0 am\u00e9liorer la qualit\u00e9 de vie des personnes \u00e2g\u00e9es. Elle mettra \u00e9galement en lumi\u00e8re la mani\u00e8re dont A &amp; O fournit des programmes de services sociaux sp\u00e9cialis\u00e9s pour aider les personnes \u00e2g\u00e9es du Manitoba \u00e0 vieillir chez elles, dans leur communaut\u00e9, depuis 1957. La rencontre aura lieu le mardi 8 octobre \u00e0 la r\u00e9sidence de la lieutenante-gouverneure. Les portes ouvriront \u00e0 18 h 30, et l\u2019activit\u00e9 commencera \u00e0 19 h. Il est possible de se garer sur les deux c\u00f4t\u00e9s de l\u2019entr\u00e9e de la r\u00e9sidence. Des rafra\u00eechissements seront servis apr\u00e8s l\u2019activit\u00e9. Les personnes qui souhaitent participer \u00e0 l\u2019\u00e9v\u00e9nement doivent s\u2019y inscrire \u00e0 l\u2019avance aupr\u00e8s du Bureau de la lieutenante-gouverneure en composant le 204-945-2753. On ne peut r\u00e9server que deux places par inscription. Veuillez noter que les sacs de grande taille et les sacs \u00e0 dos seront interdits. L\u2019inscription est maintenant ouverte. Le nombre de places assises est limit\u00e9. La participation est gratuite. Les participants sont invit\u00e9s \u00e0 apporter des denr\u00e9es alimentaires non p\u00e9rissables au profit del\u2019Initiative de l\u2019espoir de la lieutenante-gouverneure.<\/p>\n","protected":false},"author":6,"featured_media":0,"comment_status":"closed","ping_status":"open","sticky":false,"template":"","format":"standard","meta":{"_acf_changed":false,"footnotes":""},"categories":[23],"tags":[],"class_list":["post-16479","post","type-post","status-publish","format-standard","hentry","category-nouvelles"],"acf":[],"_links":{"self":[{"href":"https:\/\/manitobalg.ca\/fr-ca\/wp-json\/wp\/v2\/posts\/16479","targetHints":{"allow":["GET"]}}],"collection":[{"href":"https:\/\/manitobalg.ca\/fr-ca\/wp-json\/wp\/v2\/posts"}],"about":[{"href":"https:\/\/manitobalg.ca\/fr-ca\/wp-json\/wp\/v2\/types\/post"}],"author":[{"embeddable":true,"href":"https:\/\/manitobalg.ca\/fr-ca\/wp-json\/wp\/v2\/users\/6"}],"replies":[{"embeddable":true,"href":"https:\/\/manitobalg.ca\/fr-ca\/wp-json\/wp\/v2\/comments?post=16479"}],"version-history":[{"count":1,"href":"https:\/\/manitobalg.ca\/fr-ca\/wp-json\/wp\/v2\/posts\/16479\/revisions"}],"predecessor-version":[{"id":16480,"href":"https:\/\/manitobalg.ca\/fr-ca\/wp-json\/wp\/v2\/posts\/16479\/revisions\/16480"}],"wp:attachment":[{"href":"https:\/\/manitobalg.ca\/fr-ca\/wp-json\/wp\/v2\/media?parent=16479"}],"wp:term":[{"taxonomy":"category","embeddable":true,"href":"https:\/\/manitobalg.ca\/fr-ca\/wp-json\/wp\/v2\/categories?post=16479"},{"taxonomy":"post_tag","embeddable":true,"href":"https:\/\/manitobalg.ca\/fr-ca\/wp-json\/wp\/v2\/tags?post=16479"}],"curies":[{"name":"wp","href":"https:\/\/api.w.org\/{rel}","templated":true}]}}