{"id":16999,"date":"2025-01-28T10:00:30","date_gmt":"2025-01-28T16:00:30","guid":{"rendered":"https:\/\/manitobalg.ca\/?p=16999"},"modified":"2025-02-04T14:17:42","modified_gmt":"2025-02-04T20:17:42","slug":"le-festival-du-voyageur-un-heritage-de-continuite-linguistique-et-culturelle-avec-yannick-frechette-et-breanne-lavallee-heckert","status":"publish","type":"post","link":"https:\/\/manitobalg.ca\/fr-ca\/le-festival-du-voyageur-un-heritage-de-continuite-linguistique-et-culturelle-avec-yannick-frechette-et-breanne-lavallee-heckert\/","title":{"rendered":"\u00ab Le Festival du Voyageur : Un h\u00e9ritage de continuit\u00e9 linguistique et culturelle \u00bb avec Yannick Fr\u00e9chette et Breanne Lavall\u00e9e-Heckert"},"content":{"rendered":"<p style=\"text-align: center;\"><strong>Lancement de la saison\u00a02025 des Soir\u00e9es \u00e0 la r\u00e9sidence du lieutenant-gouverneur<br \/>\nS\u00e9rie d\u2019activit\u00e9s publiques gratuites<\/strong><strong><em>\u00a0<\/em><\/strong><\/p>\n<p>La lieutenante-gouverneure du Manitoba, Madame\u00a0Anita\u00a0R.\u00a0Neville, invite les Manitobaines et Manitobains \u00e0 assister \u00e0 la premi\u00e8re rencontre en 2025 d\u2019une s\u00e9rie d\u2019activit\u00e9s publiques gratuites qui visent \u00e0 ouvrir les portes de la r\u00e9sidence au grand public et \u00e0 faire conna\u00eetre des personnalit\u00e9s manitobaines exceptionnelles et inspirantes qui, par leurs paroles et leurs actes, contribuent sans rel\u00e2che \u00e0 faire du Manitoba un meilleur endroit o\u00f9 vivre.<\/p>\n<p>L\u2019activit\u00e9 de f\u00e9vrier met en vedette Yannick\u00a0Fr\u00e9chette, pr\u00e9sident du Festival du Voyageur, et Breanne\u00a0Lavall\u00e9e-Heckert, directrice g\u00e9n\u00e9rale du Festival du Voyageur. Le Festival du Voyageur est un organisme sans but lucratif francophone fond\u00e9 en 1969, connu pour son festival d\u2019hiver annuel, qui a d\u00e9but\u00e9 en 1970. Se d\u00e9roulant sur une p\u00e9riode de 10\u00a0jours en f\u00e9vrier, le Festival du Voyageur est le plus grand \u00e9v\u00e9nement francophone de l\u2019Ouest canadien, attirant plus de 75\u00a0000\u00a0visiteurs. Le festival propose de la musique, de la danse, de la sculpture sur neige et des arts visuels, en mettant l\u2019accent sur la culture francophone et autochtone. Il offre \u00e9galement des activit\u00e9s de plein air, des interpr\u00e9tations historiques et de la nourriture traditionnelle. Tout au long de l\u2019ann\u00e9e, l\u2019organisme propose des programmes \u00e9ducatifs, notamment au Fort Gibraltar, un site historique qui fait revivre l\u2019\u00e9poque de la traite des fourrures.<\/p>\n<p>L\u2019activit\u00e9 aura lieu le mardi\u00a011\u00a0f\u00e9vrier \u00e0 la r\u00e9sidence du lieutenant-gouverneur. Les portes ouvriront \u00e0 18\u00a0h\u00a030, et l\u2019activit\u00e9 commencera \u00e0 19\u00a0h. Il est possible de se garer des deux c\u00f4t\u00e9s de l\u2019entr\u00e9e de la r\u00e9sidence.<\/p>\n<p>Des rafra\u00eechissements seront servis apr\u00e8s l\u2019activit\u00e9.<\/p>\n<p>Les personnes qui souhaitent participer \u00e0 l\u2019activit\u00e9 doivent s\u2019y inscrire \u00e0 l\u2019avance aupr\u00e8s du Bureau du lieutenant-gouverneur en composant le <a href=\"tel:2049452753\" target=\"_blank\" rel=\"noopener\">204 945-2753<\/a>. On ne peut r\u00e9server que deux places par inscription.<\/p>\n<p>Veuillez noter que les sacs de grande taille et les sacs \u00e0 dos seront interdits.<\/p>\n<p>L\u2019inscription est maintenant ouverte. Le nombre de places assises est limit\u00e9. La participation est gratuite.<\/p>\n<p><strong><em>Pensez \u00e0 apporter des denr\u00e9es alimentaires non p\u00e9rissables au profit de l\u2019Initiative de l\u2019espoir de la lieutenante-gouverneure.<\/em><\/strong><\/p>\n","protected":false},"excerpt":{"rendered":"<p>Lancement de la saison\u00a02025 des Soir\u00e9es \u00e0 la r\u00e9sidence du lieutenant-gouverneur S\u00e9rie d\u2019activit\u00e9s publiques gratuites\u00a0 La lieutenante-gouverneure du Manitoba, Madame\u00a0Anita\u00a0R.\u00a0Neville, invite les Manitobaines et Manitobains \u00e0 assister \u00e0 la premi\u00e8re rencontre en 2025 d\u2019une s\u00e9rie d\u2019activit\u00e9s publiques gratuites qui visent \u00e0 ouvrir les portes de la r\u00e9sidence au grand public et \u00e0 faire conna\u00eetre des personnalit\u00e9s manitobaines exceptionnelles et inspirantes qui, par leurs paroles et leurs actes, contribuent sans rel\u00e2che \u00e0 faire du Manitoba un meilleur endroit o\u00f9 vivre. L\u2019activit\u00e9 de f\u00e9vrier met en vedette Yannick\u00a0Fr\u00e9chette, pr\u00e9sident du Festival du Voyageur, et Breanne\u00a0Lavall\u00e9e-Heckert, directrice g\u00e9n\u00e9rale du Festival du Voyageur. Le Festival du Voyageur est un organisme sans but lucratif francophone fond\u00e9 en 1969, connu pour son festival d\u2019hiver annuel, qui a d\u00e9but\u00e9 en 1970. Se d\u00e9roulant sur une p\u00e9riode de 10\u00a0jours en f\u00e9vrier, le Festival du Voyageur est le plus grand \u00e9v\u00e9nement francophone de l\u2019Ouest canadien, attirant plus de 75\u00a0000\u00a0visiteurs. Le festival propose de la musique, de la danse, de la sculpture sur neige et des arts visuels, en mettant l\u2019accent sur la culture francophone et autochtone. Il offre \u00e9galement des activit\u00e9s de plein air, des interpr\u00e9tations historiques et de la nourriture traditionnelle. Tout au long de l\u2019ann\u00e9e, l\u2019organisme propose des programmes \u00e9ducatifs, notamment au Fort Gibraltar, un site historique qui fait revivre l\u2019\u00e9poque de la traite des fourrures. L\u2019activit\u00e9 aura lieu le mardi\u00a011\u00a0f\u00e9vrier \u00e0 la r\u00e9sidence du lieutenant-gouverneur. Les portes ouvriront \u00e0 18\u00a0h\u00a030, et l\u2019activit\u00e9 commencera \u00e0 19\u00a0h. Il est possible de se garer des deux c\u00f4t\u00e9s de l\u2019entr\u00e9e de la r\u00e9sidence. Des rafra\u00eechissements seront servis apr\u00e8s l\u2019activit\u00e9. Les personnes qui souhaitent participer \u00e0 l\u2019activit\u00e9 doivent s\u2019y inscrire \u00e0 l\u2019avance aupr\u00e8s du Bureau du lieutenant-gouverneur en composant le 204 945-2753. On ne peut r\u00e9server que deux places par inscription. Veuillez noter que les sacs de grande taille et les sacs \u00e0 dos seront interdits. L\u2019inscription est maintenant ouverte. Le nombre de places assises est limit\u00e9. La participation est gratuite. Pensez \u00e0 apporter des denr\u00e9es alimentaires non p\u00e9rissables au profit de l\u2019Initiative de l\u2019espoir de la lieutenante-gouverneure.<\/p>\n","protected":false},"author":6,"featured_media":0,"comment_status":"closed","ping_status":"open","sticky":false,"template":"","format":"standard","meta":{"_acf_changed":false,"footnotes":""},"categories":[23],"tags":[],"class_list":["post-16999","post","type-post","status-publish","format-standard","hentry","category-nouvelles"],"acf":[],"_links":{"self":[{"href":"https:\/\/manitobalg.ca\/fr-ca\/wp-json\/wp\/v2\/posts\/16999","targetHints":{"allow":["GET"]}}],"collection":[{"href":"https:\/\/manitobalg.ca\/fr-ca\/wp-json\/wp\/v2\/posts"}],"about":[{"href":"https:\/\/manitobalg.ca\/fr-ca\/wp-json\/wp\/v2\/types\/post"}],"author":[{"embeddable":true,"href":"https:\/\/manitobalg.ca\/fr-ca\/wp-json\/wp\/v2\/users\/6"}],"replies":[{"embeddable":true,"href":"https:\/\/manitobalg.ca\/fr-ca\/wp-json\/wp\/v2\/comments?post=16999"}],"version-history":[{"count":1,"href":"https:\/\/manitobalg.ca\/fr-ca\/wp-json\/wp\/v2\/posts\/16999\/revisions"}],"predecessor-version":[{"id":17000,"href":"https:\/\/manitobalg.ca\/fr-ca\/wp-json\/wp\/v2\/posts\/16999\/revisions\/17000"}],"wp:attachment":[{"href":"https:\/\/manitobalg.ca\/fr-ca\/wp-json\/wp\/v2\/media?parent=16999"}],"wp:term":[{"taxonomy":"category","embeddable":true,"href":"https:\/\/manitobalg.ca\/fr-ca\/wp-json\/wp\/v2\/categories?post=16999"},{"taxonomy":"post_tag","embeddable":true,"href":"https:\/\/manitobalg.ca\/fr-ca\/wp-json\/wp\/v2\/tags?post=16999"}],"curies":[{"name":"wp","href":"https:\/\/api.w.org\/{rel}","templated":true}]}}