{"id":18197,"date":"2026-01-27T10:00:18","date_gmt":"2026-01-27T16:00:18","guid":{"rendered":"https:\/\/manitobalg.ca\/?p=18197"},"modified":"2026-01-28T09:49:37","modified_gmt":"2026-01-28T15:49:37","slug":"projection-du-documentaire-sidelined-the-colour-of-the-game-avec-anti-racism-in-sport-canada","status":"publish","type":"post","link":"https:\/\/manitobalg.ca\/fr-ca\/projection-du-documentaire-sidelined-the-colour-of-the-game-avec-anti-racism-in-sport-canada\/","title":{"rendered":"Projection du documentaire \u00ab SIDELINED: THE COLOUR OF THE GAME \u00bb | avec Anti-Racism in Sport Canada"},"content":{"rendered":"<h3 style=\"text-align: center;\"><b>Lancement de la saison\u00a02026 des Soir\u00e9es \u00e0 la r\u00e9sidence du lieutenant-gouverneur<br \/>\n<\/b><b>S\u00e9rie d\u2019activit\u00e9s publiques gratuites<\/b><\/h3>\n<p><span style=\"font-weight: 400;\">La lieutenante-gouverneure du Manitoba, Madame\u00a0Anita\u00a0R.\u00a0Neville, invite les Manitobaines et Manitobains \u00e0 assister \u00e0 la premi\u00e8re rencontre en 2026 d\u2019une s\u00e9rie d\u2019activit\u00e9s publiques gratuites qui visent \u00e0 ouvrir les portes de sa r\u00e9sidence au grand public et \u00e0 faire conna\u00eetre des personnalit\u00e9s manitobaines exceptionnelles et inspirantes qui, par leurs paroles et leurs actes, contribuent sans rel\u00e2che \u00e0 faire du Manitoba un meilleur endroit o\u00f9 vivre pour tous.<\/span><\/p>\n<p><i><span style=\"font-weight: 400;\">SIDELINED: The Colour of the Game<\/span><\/i><span style=\"font-weight: 400;\"> est un documentaire captivant de 55\u00a0minutes qui examine les obstacles syst\u00e9miques auxquels sont confront\u00e9s les participants issus des Premi\u00e8res Nations, des M\u00e9tis, des Inuits, des Noirs ainsi que des minorit\u00e9s racis\u00e9es et religieuses au sein du syst\u00e8me sportif canadien. Le film m\u00eale les r\u00e9cits personnels poignants d\u2019athl\u00e8tes, d\u2019entra\u00eeneurs et de dirigeants sportifs \u00e0 des analyses d\u2019experts afin de mettre en lumi\u00e8re le racisme et l\u2019exclusion dans le sport amateur, professionnel et de comp\u00e9tition. <\/span><i><span style=\"font-weight: 400;\">SIDELINED<\/span><\/i><span style=\"font-weight: 400;\"> se sert d\u2019exp\u00e9riences v\u00e9cues et d\u2019analyses fond\u00e9es sur la recherche pour mettre en lumi\u00e8re les r\u00e9percussions profondes de la discrimination sur la participation, le bien-\u00eatre et le sentiment d\u2019appartenance.<\/span><\/p>\n<p><span style=\"font-weight: 400;\">Apr\u00e8s la projection, une discussion en groupe r\u00e9unissant les personnes ayant particip\u00e9 au film aura lieu.<\/span><\/p>\n<p><span style=\"font-weight: 400;\">L\u2019activit\u00e9 aura lieu le mardi 10 f\u00e9vrier 2026 \u00e0 la r\u00e9sidence du lieutenant-gouverneur. Les portes ouvriront \u00e0 18 h 30, et le programme commencera \u00e0 19 h. Il est possible de se garer des deux c\u00f4t\u00e9s de l\u2019entr\u00e9e de la r\u00e9sidence. Des rafra\u00eechissements seront servis par la suite.<\/span><\/p>\n<p><span style=\"font-weight: 400;\">Les personnes qui souhaitent participer \u00e0 l\u2019activit\u00e9 doivent s\u2019y inscrire \u00e0 l\u2019avance aupr\u00e8s du Bureau du lieutenant-gouverneur en composant le <a href=\"tel:204-945-2753\" target=\"_blank\" rel=\"noopener\">204 945-2753<\/a>. On ne peut r\u00e9server que deux places par inscription. Veuillez noter que les sacs de grande taille et les sacs \u00e0 dos seront interdits. L\u2019inscription est maintenant commenc\u00e9e. Le nombre de places est limit\u00e9. La participation est gratuite<\/span><\/p>\n<p style=\"text-align: center;\"><b><i>Pensez \u00e0 apporter des denr\u00e9es alimentaires non p\u00e9rissables au profit de l\u2019Initiative de l\u2019espoir de la lieutenante-gouverneure.<\/i><\/b><\/p>\n","protected":false},"excerpt":{"rendered":"<p>Lancement de la saison\u00a02026 des Soir\u00e9es \u00e0 la r\u00e9sidence du lieutenant-gouverneur S\u00e9rie d\u2019activit\u00e9s publiques gratuites La lieutenante-gouverneure du Manitoba, Madame\u00a0Anita\u00a0R.\u00a0Neville, invite les Manitobaines et Manitobains \u00e0 assister \u00e0 la premi\u00e8re rencontre en 2026 d\u2019une s\u00e9rie d\u2019activit\u00e9s publiques gratuites qui visent \u00e0 ouvrir les portes de sa r\u00e9sidence au grand public et \u00e0 faire conna\u00eetre des personnalit\u00e9s manitobaines exceptionnelles et inspirantes qui, par leurs paroles et leurs actes, contribuent sans rel\u00e2che \u00e0 faire du Manitoba un meilleur endroit o\u00f9 vivre pour tous. SIDELINED: The Colour of the Game est un documentaire captivant de 55\u00a0minutes qui examine les obstacles syst\u00e9miques auxquels sont confront\u00e9s les participants issus des Premi\u00e8res Nations, des M\u00e9tis, des Inuits, des Noirs ainsi que des minorit\u00e9s racis\u00e9es et religieuses au sein du syst\u00e8me sportif canadien. Le film m\u00eale les r\u00e9cits personnels poignants d\u2019athl\u00e8tes, d\u2019entra\u00eeneurs et de dirigeants sportifs \u00e0 des analyses d\u2019experts afin de mettre en lumi\u00e8re le racisme et l\u2019exclusion dans le sport amateur, professionnel et de comp\u00e9tition. SIDELINED se sert d\u2019exp\u00e9riences v\u00e9cues et d\u2019analyses fond\u00e9es sur la recherche pour mettre en lumi\u00e8re les r\u00e9percussions profondes de la discrimination sur la participation, le bien-\u00eatre et le sentiment d\u2019appartenance. Apr\u00e8s la projection, une discussion en groupe r\u00e9unissant les personnes ayant particip\u00e9 au film aura lieu. L\u2019activit\u00e9 aura lieu le mardi 10 f\u00e9vrier 2026 \u00e0 la r\u00e9sidence du lieutenant-gouverneur. Les portes ouvriront \u00e0 18 h 30, et le programme commencera \u00e0 19 h. Il est possible de se garer des deux c\u00f4t\u00e9s de l\u2019entr\u00e9e de la r\u00e9sidence. Des rafra\u00eechissements seront servis par la suite. Les personnes qui souhaitent participer \u00e0 l\u2019activit\u00e9 doivent s\u2019y inscrire \u00e0 l\u2019avance aupr\u00e8s du Bureau du lieutenant-gouverneur en composant le 204 945-2753. On ne peut r\u00e9server que deux places par inscription. Veuillez noter que les sacs de grande taille et les sacs \u00e0 dos seront interdits. L\u2019inscription est maintenant commenc\u00e9e. Le nombre de places est limit\u00e9. La participation est gratuite Pensez \u00e0 apporter des denr\u00e9es alimentaires non p\u00e9rissables au profit de l\u2019Initiative de l\u2019espoir de la lieutenante-gouverneure.<\/p>\n","protected":false},"author":6,"featured_media":0,"comment_status":"closed","ping_status":"closed","sticky":false,"template":"","format":"standard","meta":{"_acf_changed":false,"footnotes":""},"categories":[23],"tags":[],"class_list":["post-18197","post","type-post","status-publish","format-standard","hentry","category-nouvelles"],"acf":[],"_links":{"self":[{"href":"https:\/\/manitobalg.ca\/fr-ca\/wp-json\/wp\/v2\/posts\/18197","targetHints":{"allow":["GET"]}}],"collection":[{"href":"https:\/\/manitobalg.ca\/fr-ca\/wp-json\/wp\/v2\/posts"}],"about":[{"href":"https:\/\/manitobalg.ca\/fr-ca\/wp-json\/wp\/v2\/types\/post"}],"author":[{"embeddable":true,"href":"https:\/\/manitobalg.ca\/fr-ca\/wp-json\/wp\/v2\/users\/6"}],"replies":[{"embeddable":true,"href":"https:\/\/manitobalg.ca\/fr-ca\/wp-json\/wp\/v2\/comments?post=18197"}],"version-history":[{"count":2,"href":"https:\/\/manitobalg.ca\/fr-ca\/wp-json\/wp\/v2\/posts\/18197\/revisions"}],"predecessor-version":[{"id":18201,"href":"https:\/\/manitobalg.ca\/fr-ca\/wp-json\/wp\/v2\/posts\/18197\/revisions\/18201"}],"wp:attachment":[{"href":"https:\/\/manitobalg.ca\/fr-ca\/wp-json\/wp\/v2\/media?parent=18197"}],"wp:term":[{"taxonomy":"category","embeddable":true,"href":"https:\/\/manitobalg.ca\/fr-ca\/wp-json\/wp\/v2\/categories?post=18197"},{"taxonomy":"post_tag","embeddable":true,"href":"https:\/\/manitobalg.ca\/fr-ca\/wp-json\/wp\/v2\/tags?post=18197"}],"curies":[{"name":"wp","href":"https:\/\/api.w.org\/{rel}","templated":true}]}}